{"id":124,"date":"2017-02-04T23:33:22","date_gmt":"2017-02-04T23:33:22","guid":{"rendered":"http:\/\/lesvoleursdevie.fr\/?p=124"},"modified":"2017-02-23T22:46:13","modified_gmt":"2017-02-23T22:46:13","slug":"premiere-journee-au-salon-du-livre-de-la-couture","status":"publish","type":"post","link":"http:\/\/lesvoleursdevie.fr\/?p=124","title":{"rendered":"C&rsquo;est parti pour le salon de la Couture"},"content":{"rendered":"<p><span style=\"text-decoration: underline;\">Premier jour :<\/span><\/p>\n<p>Comme vous pouvez le voir je suis bien install\u00e9e sur le salon.<\/p>\n<p><a href=\"http:\/\/lesvoleursdevie.fr\/wp-content\/uploads\/2017\/02\/101513.jpg\"><img loading=\"lazy\" decoding=\"async\" class=\"alignnone size-medium wp-image-125\" src=\"http:\/\/lesvoleursdevie.fr\/wp-content\/uploads\/2017\/02\/101513-300x169.jpg\" alt=\"\" width=\"300\" height=\"169\" srcset=\"http:\/\/lesvoleursdevie.fr\/wp-content\/uploads\/2017\/02\/101513-300x169.jpg 300w, http:\/\/lesvoleursdevie.fr\/wp-content\/uploads\/2017\/02\/101513-768x432.jpg 768w, http:\/\/lesvoleursdevie.fr\/wp-content\/uploads\/2017\/02\/101513-1024x576.jpg 1024w\" sizes=\"auto, (max-width: 300px) 100vw, 300px\" \/><\/a><\/p>\n<p>Cette premi\u00e8re journ\u00e9e a \u00e9t\u00e9 assez calme, mais il reste demain.<\/p>\n<p><span style=\"text-decoration: underline;\">Deuxi\u00e8me journ\u00e9e :<\/span><\/p>\n<p>Le public \u00e9tait un peu plus pr\u00e9sent et il est toujours agr\u00e9able de retrouver aussi les lecteurs de l&rsquo;ann\u00e9e derni\u00e8re.<\/p>\n<p>Sans oublier les auteurs. Finalement, j&rsquo;ai pu me rendre compte que les m\u00eames auteurs se retrouvaient \u00e0 chaque fois.<br \/>\nEt c&rsquo;est tr\u00e8s sympa.<\/p>\n<p>En esp\u00e9rant revenir l&rsquo;ann\u00e9e prochaine avec mon nouveau roman.<\/p>\n<p>Merci \u00e9galement aux organisateurs du salon.<\/p>\n","protected":false},"excerpt":{"rendered":"<p>Premier jour : Comme vous pouvez le voir je suis bien install\u00e9e sur le salon. Cette premi\u00e8re journ\u00e9e a \u00e9t\u00e9 assez calme, mais il reste demain. Deuxi\u00e8me journ\u00e9e : Le public \u00e9tait un peu plus pr\u00e9sent et il est toujours agr\u00e9able de retrouver aussi les lecteurs de l&rsquo;ann\u00e9e derni\u00e8re. Sans oublier les auteurs. Finalement, j&rsquo;ai [&hellip;]<\/p>\n","protected":false},"author":1,"featured_media":0,"comment_status":"open","ping_status":"open","sticky":false,"template":"","format":"standard","meta":{"footnotes":""},"categories":[1],"tags":[],"class_list":["post-124","post","type-post","status-publish","format-standard","hentry","category-non-classe"],"_links":{"self":[{"href":"http:\/\/lesvoleursdevie.fr\/index.php?rest_route=\/wp\/v2\/posts\/124","targetHints":{"allow":["GET"]}}],"collection":[{"href":"http:\/\/lesvoleursdevie.fr\/index.php?rest_route=\/wp\/v2\/posts"}],"about":[{"href":"http:\/\/lesvoleursdevie.fr\/index.php?rest_route=\/wp\/v2\/types\/post"}],"author":[{"embeddable":true,"href":"http:\/\/lesvoleursdevie.fr\/index.php?rest_route=\/wp\/v2\/users\/1"}],"replies":[{"embeddable":true,"href":"http:\/\/lesvoleursdevie.fr\/index.php?rest_route=%2Fwp%2Fv2%2Fcomments&post=124"}],"version-history":[{"count":6,"href":"http:\/\/lesvoleursdevie.fr\/index.php?rest_route=\/wp\/v2\/posts\/124\/revisions"}],"predecessor-version":[{"id":131,"href":"http:\/\/lesvoleursdevie.fr\/index.php?rest_route=\/wp\/v2\/posts\/124\/revisions\/131"}],"wp:attachment":[{"href":"http:\/\/lesvoleursdevie.fr\/index.php?rest_route=%2Fwp%2Fv2%2Fmedia&parent=124"}],"wp:term":[{"taxonomy":"category","embeddable":true,"href":"http:\/\/lesvoleursdevie.fr\/index.php?rest_route=%2Fwp%2Fv2%2Fcategories&post=124"},{"taxonomy":"post_tag","embeddable":true,"href":"http:\/\/lesvoleursdevie.fr\/index.php?rest_route=%2Fwp%2Fv2%2Ftags&post=124"}],"curies":[{"name":"wp","href":"https:\/\/api.w.org\/{rel}","templated":true}]}}